{"id":149948,"date":"2026-03-18T10:26:18","date_gmt":"2026-03-18T10:26:18","guid":{"rendered":"https:\/\/lesabre.pl\/watch-festival-2\/"},"modified":"2026-03-18T10:26:18","modified_gmt":"2026-03-18T10:26:18","slug":"watch-festival-2","status":"publish","type":"post","link":"https:\/\/lesabre.pl\/en\/watch-festival-2\/","title":{"rendered":"Watch festival"},"content":{"rendered":"<p>&nbsp;<\/p>\n<p style=\"text-align: center;\">Poland&#8217;s largest celebration of clocks and watches begins in a few days&#8230;. Of course, as every year we will be there too! <\/p>\n<p style=\"text-align: center;\">This one-of-a-kind meeting will be held on September 28 and 29, 2019 at the \u0141\u00f3d\u017a Special Economic Zone .<\/p>\n<p><a href=\"https:\/\/www.lesabre.pl\/wp-content\/uploads\/received_2302943119818749.jpeg\"><img loading=\"lazy\" decoding=\"async\" class=\"aligncenter size-large wp-image-34864\" src=\"https:\/\/www.lesabre.pl\/wp-content\/uploads\/received_2302943119818749.jpeg\" alt=\"\" width=\"723\" height=\"1024\"><\/a><\/p>\n<p style=\"text-align: center;\">The festival will include a tour of the exhibition of the magnificent collections of Collectors, the world&#8217;s top watch-making brands<span class=\"text_exposed_show\">, which in many cases have never before been presented to the public. The festival is nearly twenty meetings and thematic lectures, provided not only for watchmaking enthusiasts but also for topics related to timekeeping in aviation and aerospace.<\/span><\/p>\n<p style=\"text-align: center;\">During the lectures, we will tell you in a few words how the LeSabre brand came to be and the newly created brand of our individual watches!<\/p>\n<p style=\"text-align: center;\">\n<div class=\"text_exposed_show\">\n<p style=\"text-align: center;\">Below is the agenda for the upcoming Third International Festival &#8220;It&#8217;s All About Watches,&#8221; whose motto is &#8220;Watches in Space,&#8221; i.e. watches in the service of both aerospace and aviation<\/p>\n<p style=\"text-align: center;\"><a href=\"https:\/\/www.lesabre.pl\/wp-content\/uploads\/69868877_366896807596963_975055814978961408_n-1.jpg\"><img loading=\"lazy\" decoding=\"async\" class=\"aligncenter size-full wp-image-34868\" src=\"https:\/\/www.lesabre.pl\/wp-content\/uploads\/69868877_366896807596963_975055814978961408_n-1.jpg\" alt=\"\" width=\"569\" height=\"960\"><\/a><\/p>\n<p>&nbsp;<\/p>\n<\/div>\n","protected":false},"excerpt":{"rendered":"<p>&nbsp; Poland&#8217;s largest celebration of clocks and watches begins in a few days&#8230;. Of course, as every year we will be there too! This one-of-a-kind meeting will be held on September 28 and 29, 2019 at the \u0141\u00f3d\u017a Special Economic Zone . The festival will include a tour of the exhibition of the magnificent collections [&hellip;]<\/p>\n","protected":false},"author":1,"featured_media":44224,"comment_status":"open","ping_status":"open","sticky":false,"template":"","format":"standard","meta":{"content-type":"","_jetpack_memberships_contains_paid_content":false,"footnotes":"","jetpack_publicize_message":"","jetpack_publicize_feature_enabled":true,"jetpack_social_post_already_shared":true,"jetpack_social_options":{"image_generator_settings":{"template":"highway","default_image_id":0,"font":"","enabled":false},"version":2}},"categories":[2350],"tags":[2361,2355,2358,2589,2590],"class_list":["post-149948","post","type-post","status-publish","format-standard","has-post-thumbnail","hentry","category-article","tag-breitling","tag-omega","tag-rolex","tag-watch-festival","tag-zenith"],"yoast_head":"<!-- This site is optimized with the Yoast SEO plugin v27.1.1 - https:\/\/yoast.com\/product\/yoast-seo-wordpress\/ -->\n<title>Watch festival - LeSabre<\/title>\n<meta name=\"robots\" content=\"index, follow, max-snippet:-1, max-image-preview:large, max-video-preview:-1\" \/>\n<link rel=\"canonical\" href=\"https:\/\/lesabre.pl\/en\/watch-festival-2\/\" \/>\n<meta property=\"og:locale\" content=\"en_US\" \/>\n<meta property=\"og:type\" content=\"article\" \/>\n<meta property=\"og:title\" content=\"Watch festival - LeSabre\" \/>\n<meta property=\"og:description\" content=\"&nbsp; Poland&#8217;s largest celebration of clocks and watches begins in a few days&#8230;. Of course, as every year we will be there too! This one-of-a-kind meeting will be held on September 28 and 29, 2019 at the \u0141\u00f3d\u017a Special Economic Zone . The festival will include a tour of the exhibition of the magnificent collections [&hellip;]\" \/>\n<meta property=\"og:url\" content=\"https:\/\/lesabre.pl\/en\/watch-festival-2\/\" \/>\n<meta property=\"og:site_name\" content=\"LeSabre\" \/>\n<meta property=\"article:published_time\" content=\"2026-03-18T10:26:18+00:00\" \/>\n<meta property=\"og:image\" content=\"https:\/\/lesabre.pl\/wp-content\/uploads\/DSCF6933.jpg\" \/>\n\t<meta property=\"og:image:width\" content=\"2048\" \/>\n\t<meta property=\"og:image:height\" content=\"1365\" \/>\n\t<meta property=\"og:image:type\" content=\"image\/jpeg\" \/>\n<meta name=\"author\" content=\"root\" \/>\n<meta name=\"twitter:card\" content=\"summary_large_image\" \/>\n<meta name=\"twitter:label1\" content=\"Written by\" \/>\n\t<meta name=\"twitter:data1\" content=\"root\" \/>\n\t<meta name=\"twitter:label2\" content=\"Est. reading time\" \/>\n\t<meta name=\"twitter:data2\" content=\"1 minute\" \/>\n<script type=\"application\/ld+json\" class=\"yoast-schema-graph\">{\"@context\":\"https:\/\/schema.org\",\"@graph\":[{\"@type\":\"Article\",\"@id\":\"https:\/\/lesabre.pl\/en\/watch-festival-2\/#article\",\"isPartOf\":{\"@id\":\"https:\/\/lesabre.pl\/en\/watch-festival-2\/\"},\"author\":{\"name\":\"root\",\"@id\":\"https:\/\/lesabre.pl\/en\/#\/schema\/person\/c8a7bca4681ed06ec35e95257ef67227\"},\"headline\":\"Watch festival\",\"datePublished\":\"2026-03-18T10:26:18+00:00\",\"mainEntityOfPage\":{\"@id\":\"https:\/\/lesabre.pl\/en\/watch-festival-2\/\"},\"wordCount\":160,\"commentCount\":0,\"publisher\":{\"@id\":\"https:\/\/lesabre.pl\/en\/#organization\"},\"image\":{\"@id\":\"https:\/\/lesabre.pl\/en\/watch-festival-2\/#primaryimage\"},\"thumbnailUrl\":\"https:\/\/lesabre.pl\/wp-content\/uploads\/DSCF6933.jpg\",\"keywords\":[\"breitling\",\"Omega\",\"Rolex\",\"WATCH FESTIVAL\",\"ZENITH\"],\"articleSection\":[\"Article\"],\"inLanguage\":\"en-US\",\"potentialAction\":[{\"@type\":\"CommentAction\",\"name\":\"Comment\",\"target\":[\"https:\/\/lesabre.pl\/en\/watch-festival-2\/#respond\"]}]},{\"@type\":\"WebPage\",\"@id\":\"https:\/\/lesabre.pl\/en\/watch-festival-2\/\",\"url\":\"https:\/\/lesabre.pl\/en\/watch-festival-2\/\",\"name\":\"Watch festival - LeSabre\",\"isPartOf\":{\"@id\":\"https:\/\/lesabre.pl\/en\/#website\"},\"primaryImageOfPage\":{\"@id\":\"https:\/\/lesabre.pl\/en\/watch-festival-2\/#primaryimage\"},\"image\":{\"@id\":\"https:\/\/lesabre.pl\/en\/watch-festival-2\/#primaryimage\"},\"thumbnailUrl\":\"https:\/\/lesabre.pl\/wp-content\/uploads\/DSCF6933.jpg\",\"datePublished\":\"2026-03-18T10:26:18+00:00\",\"breadcrumb\":{\"@id\":\"https:\/\/lesabre.pl\/en\/watch-festival-2\/#breadcrumb\"},\"inLanguage\":\"en-US\",\"potentialAction\":[{\"@type\":\"ReadAction\",\"target\":[\"https:\/\/lesabre.pl\/en\/watch-festival-2\/\"]}]},{\"@type\":\"ImageObject\",\"inLanguage\":\"en-US\",\"@id\":\"https:\/\/lesabre.pl\/en\/watch-festival-2\/#primaryimage\",\"url\":\"https:\/\/lesabre.pl\/wp-content\/uploads\/DSCF6933.jpg\",\"contentUrl\":\"https:\/\/lesabre.pl\/wp-content\/uploads\/DSCF6933.jpg\",\"width\":2048,\"height\":1365},{\"@type\":\"BreadcrumbList\",\"@id\":\"https:\/\/lesabre.pl\/en\/watch-festival-2\/#breadcrumb\",\"itemListElement\":[{\"@type\":\"ListItem\",\"position\":1,\"name\":\"Strona g\u0142\u00f3wna\",\"item\":\"https:\/\/lesabre.pl\/en\/\"},{\"@type\":\"ListItem\",\"position\":2,\"name\":\"Watch festival\"}]},{\"@type\":\"WebSite\",\"@id\":\"https:\/\/lesabre.pl\/en\/#website\",\"url\":\"https:\/\/lesabre.pl\/en\/\",\"name\":\"LeSabre - Luxury Watches\",\"description\":\"Ekskluzywne i luksusowe zegarki, damskie i m\u0119skie. Oryginalne zegarki nowe i u\u017cywane\",\"publisher\":{\"@id\":\"https:\/\/lesabre.pl\/en\/#organization\"},\"alternateName\":\"LeSabre\",\"potentialAction\":[{\"@type\":\"SearchAction\",\"target\":{\"@type\":\"EntryPoint\",\"urlTemplate\":\"https:\/\/lesabre.pl\/en\/?s={search_term_string}\"},\"query-input\":{\"@type\":\"PropertyValueSpecification\",\"valueRequired\":true,\"valueName\":\"search_term_string\"}}],\"inLanguage\":\"en-US\"},{\"@type\":\"Organization\",\"@id\":\"https:\/\/lesabre.pl\/en\/#organization\",\"name\":\"Lesabre\",\"url\":\"https:\/\/lesabre.pl\/en\/\",\"logo\":{\"@type\":\"ImageObject\",\"inLanguage\":\"en-US\",\"@id\":\"https:\/\/lesabre.pl\/en\/#\/schema\/logo\/image\/\",\"url\":\"https:\/\/lesabre.pl\/wp-content\/uploads\/logo-do-reklamy.jpg\",\"contentUrl\":\"https:\/\/lesabre.pl\/wp-content\/uploads\/logo-do-reklamy.jpg\",\"width\":160,\"height\":160,\"caption\":\"Lesabre\"},\"image\":{\"@id\":\"https:\/\/lesabre.pl\/en\/#\/schema\/logo\/image\/\"}},{\"@type\":\"Person\",\"@id\":\"https:\/\/lesabre.pl\/en\/#\/schema\/person\/c8a7bca4681ed06ec35e95257ef67227\",\"name\":\"root\",\"image\":{\"@type\":\"ImageObject\",\"inLanguage\":\"en-US\",\"@id\":\"https:\/\/lesabre.pl\/en\/#\/schema\/person\/image\/\",\"url\":\"https:\/\/secure.gravatar.com\/avatar\/5ea5fabea820ff4ea8c441b9083bb93122fc55c7f062bfa96a42909d7dc2bf47?s=96&d=mm&r=g\",\"contentUrl\":\"https:\/\/secure.gravatar.com\/avatar\/5ea5fabea820ff4ea8c441b9083bb93122fc55c7f062bfa96a42909d7dc2bf47?s=96&d=mm&r=g\",\"caption\":\"root\"},\"sameAs\":[\"https:\/\/lesabre.pl\"],\"url\":\"https:\/\/lesabre.pl\/en\/author\/root\/\"}]}<\/script>\n<!-- \/ Yoast SEO plugin. -->","yoast_head_json":{"title":"Watch festival - LeSabre","robots":{"index":"index","follow":"follow","max-snippet":"max-snippet:-1","max-image-preview":"max-image-preview:large","max-video-preview":"max-video-preview:-1"},"canonical":"https:\/\/lesabre.pl\/en\/watch-festival-2\/","og_locale":"en_US","og_type":"article","og_title":"Watch festival - LeSabre","og_description":"&nbsp; Poland&#8217;s largest celebration of clocks and watches begins in a few days&#8230;. Of course, as every year we will be there too! This one-of-a-kind meeting will be held on September 28 and 29, 2019 at the \u0141\u00f3d\u017a Special Economic Zone . The festival will include a tour of the exhibition of the magnificent collections [&hellip;]","og_url":"https:\/\/lesabre.pl\/en\/watch-festival-2\/","og_site_name":"LeSabre","article_published_time":"2026-03-18T10:26:18+00:00","og_image":[{"width":2048,"height":1365,"url":"https:\/\/lesabre.pl\/wp-content\/uploads\/DSCF6933.jpg","type":"image\/jpeg"}],"author":"root","twitter_card":"summary_large_image","twitter_misc":{"Written by":"root","Est. reading time":"1 minute"},"schema":{"@context":"https:\/\/schema.org","@graph":[{"@type":"Article","@id":"https:\/\/lesabre.pl\/en\/watch-festival-2\/#article","isPartOf":{"@id":"https:\/\/lesabre.pl\/en\/watch-festival-2\/"},"author":{"name":"root","@id":"https:\/\/lesabre.pl\/en\/#\/schema\/person\/c8a7bca4681ed06ec35e95257ef67227"},"headline":"Watch festival","datePublished":"2026-03-18T10:26:18+00:00","mainEntityOfPage":{"@id":"https:\/\/lesabre.pl\/en\/watch-festival-2\/"},"wordCount":160,"commentCount":0,"publisher":{"@id":"https:\/\/lesabre.pl\/en\/#organization"},"image":{"@id":"https:\/\/lesabre.pl\/en\/watch-festival-2\/#primaryimage"},"thumbnailUrl":"https:\/\/lesabre.pl\/wp-content\/uploads\/DSCF6933.jpg","keywords":["breitling","Omega","Rolex","WATCH FESTIVAL","ZENITH"],"articleSection":["Article"],"inLanguage":"en-US","potentialAction":[{"@type":"CommentAction","name":"Comment","target":["https:\/\/lesabre.pl\/en\/watch-festival-2\/#respond"]}]},{"@type":"WebPage","@id":"https:\/\/lesabre.pl\/en\/watch-festival-2\/","url":"https:\/\/lesabre.pl\/en\/watch-festival-2\/","name":"Watch festival - LeSabre","isPartOf":{"@id":"https:\/\/lesabre.pl\/en\/#website"},"primaryImageOfPage":{"@id":"https:\/\/lesabre.pl\/en\/watch-festival-2\/#primaryimage"},"image":{"@id":"https:\/\/lesabre.pl\/en\/watch-festival-2\/#primaryimage"},"thumbnailUrl":"https:\/\/lesabre.pl\/wp-content\/uploads\/DSCF6933.jpg","datePublished":"2026-03-18T10:26:18+00:00","breadcrumb":{"@id":"https:\/\/lesabre.pl\/en\/watch-festival-2\/#breadcrumb"},"inLanguage":"en-US","potentialAction":[{"@type":"ReadAction","target":["https:\/\/lesabre.pl\/en\/watch-festival-2\/"]}]},{"@type":"ImageObject","inLanguage":"en-US","@id":"https:\/\/lesabre.pl\/en\/watch-festival-2\/#primaryimage","url":"https:\/\/lesabre.pl\/wp-content\/uploads\/DSCF6933.jpg","contentUrl":"https:\/\/lesabre.pl\/wp-content\/uploads\/DSCF6933.jpg","width":2048,"height":1365},{"@type":"BreadcrumbList","@id":"https:\/\/lesabre.pl\/en\/watch-festival-2\/#breadcrumb","itemListElement":[{"@type":"ListItem","position":1,"name":"Strona g\u0142\u00f3wna","item":"https:\/\/lesabre.pl\/en\/"},{"@type":"ListItem","position":2,"name":"Watch festival"}]},{"@type":"WebSite","@id":"https:\/\/lesabre.pl\/en\/#website","url":"https:\/\/lesabre.pl\/en\/","name":"LeSabre - Luxury Watches","description":"Ekskluzywne i luksusowe zegarki, damskie i m\u0119skie. Oryginalne zegarki nowe i u\u017cywane","publisher":{"@id":"https:\/\/lesabre.pl\/en\/#organization"},"alternateName":"LeSabre","potentialAction":[{"@type":"SearchAction","target":{"@type":"EntryPoint","urlTemplate":"https:\/\/lesabre.pl\/en\/?s={search_term_string}"},"query-input":{"@type":"PropertyValueSpecification","valueRequired":true,"valueName":"search_term_string"}}],"inLanguage":"en-US"},{"@type":"Organization","@id":"https:\/\/lesabre.pl\/en\/#organization","name":"Lesabre","url":"https:\/\/lesabre.pl\/en\/","logo":{"@type":"ImageObject","inLanguage":"en-US","@id":"https:\/\/lesabre.pl\/en\/#\/schema\/logo\/image\/","url":"https:\/\/lesabre.pl\/wp-content\/uploads\/logo-do-reklamy.jpg","contentUrl":"https:\/\/lesabre.pl\/wp-content\/uploads\/logo-do-reklamy.jpg","width":160,"height":160,"caption":"Lesabre"},"image":{"@id":"https:\/\/lesabre.pl\/en\/#\/schema\/logo\/image\/"}},{"@type":"Person","@id":"https:\/\/lesabre.pl\/en\/#\/schema\/person\/c8a7bca4681ed06ec35e95257ef67227","name":"root","image":{"@type":"ImageObject","inLanguage":"en-US","@id":"https:\/\/lesabre.pl\/en\/#\/schema\/person\/image\/","url":"https:\/\/secure.gravatar.com\/avatar\/5ea5fabea820ff4ea8c441b9083bb93122fc55c7f062bfa96a42909d7dc2bf47?s=96&d=mm&r=g","contentUrl":"https:\/\/secure.gravatar.com\/avatar\/5ea5fabea820ff4ea8c441b9083bb93122fc55c7f062bfa96a42909d7dc2bf47?s=96&d=mm&r=g","caption":"root"},"sameAs":["https:\/\/lesabre.pl"],"url":"https:\/\/lesabre.pl\/en\/author\/root\/"}]}},"jetpack_publicize_connections":[],"jetpack_featured_media_url":"https:\/\/lesabre.pl\/wp-content\/uploads\/DSCF6933.jpg","jetpack_sharing_enabled":true,"_links":{"self":[{"href":"https:\/\/lesabre.pl\/en\/wp-json\/wp\/v2\/posts\/149948","targetHints":{"allow":["GET"]}}],"collection":[{"href":"https:\/\/lesabre.pl\/en\/wp-json\/wp\/v2\/posts"}],"about":[{"href":"https:\/\/lesabre.pl\/en\/wp-json\/wp\/v2\/types\/post"}],"author":[{"embeddable":true,"href":"https:\/\/lesabre.pl\/en\/wp-json\/wp\/v2\/users\/1"}],"replies":[{"embeddable":true,"href":"https:\/\/lesabre.pl\/en\/wp-json\/wp\/v2\/comments?post=149948"}],"version-history":[{"count":1,"href":"https:\/\/lesabre.pl\/en\/wp-json\/wp\/v2\/posts\/149948\/revisions"}],"predecessor-version":[{"id":149949,"href":"https:\/\/lesabre.pl\/en\/wp-json\/wp\/v2\/posts\/149948\/revisions\/149949"}],"wp:featuredmedia":[{"embeddable":true,"href":"https:\/\/lesabre.pl\/en\/wp-json\/wp\/v2\/media\/44224"}],"wp:attachment":[{"href":"https:\/\/lesabre.pl\/en\/wp-json\/wp\/v2\/media?parent=149948"}],"wp:term":[{"taxonomy":"category","embeddable":true,"href":"https:\/\/lesabre.pl\/en\/wp-json\/wp\/v2\/categories?post=149948"},{"taxonomy":"post_tag","embeddable":true,"href":"https:\/\/lesabre.pl\/en\/wp-json\/wp\/v2\/tags?post=149948"}],"curies":[{"name":"wp","href":"https:\/\/api.w.org\/{rel}","templated":true}]}}